{"id":501,"date":"2016-11-16T15:51:07","date_gmt":"2016-11-16T15:51:07","guid":{"rendered":"http:\/\/kcrtechnology.es\/kcr\/fr\/?p=501"},"modified":"2016-11-16T15:51:07","modified_gmt":"2016-11-16T15:51:07","slug":"kcr-et-son-premier-salon-du-packaging-hispack-2015","status":"publish","type":"post","link":"https:\/\/kcrtechnology.es\/fr\/2016\/11\/16\/kcr-et-son-premier-salon-du-packaging-hispack-2015\/","title":{"rendered":"KCR et son premier salon du packaging \u2013 Hispack 2015"},"content":{"rendered":"<p>Du 21 au 24 avril 2015 s\u2019est tenu \u00e0 Barcelone le salon international Hispack, la r\u00e9f\u00e9rence du secteur packaging. Un grand rassemblement o\u00f9 se sont rencontr\u00e9s les responsables intervenant dans les processus de cr\u00e9ation, de production et de distribution de l\u2019emballage.<\/p>\n<p>Pour cette 16<sup>\u00e8me<\/sup> \u00e9dition, 605 exposants ont particip\u00e9 et c\u2019est en tant qu\u2019actrice que l\u2019\u00e9quipe de KCR a fait ses premiers pas dans le monde des salons professionnels. Une aventure enrichissante avec pour objectif de pr\u00e9senter son activit\u00e9 aux entreprises clientes du secteur.<\/p>\n<p>Un emplacement favorable (3 axes de passage) et une bonne communication ont \u00e9t\u00e9 les \u00e9l\u00e9ments clefs pour que notre stand soit le reflet de notre image et philosophie.<\/p>\n<p>Pour l\u2019occasion nous l\u2019avions am\u00e9nag\u00e9 avec du mobilier fait sur mesure pour la mise en valeur de nos produits (moules, couteaux et poin\u00e7ons) et la mise en place d\u2019une communication visible (vinyles, kak\u00e9monos). Un lieu de rencontre agr\u00e9able et pratique \u00e0 la fois.<\/p>\n<p>Quatre jours pendant lesquels nous avons susciter la curiosit\u00e9 de visiteurs externes (aussi bien nationaux qu\u2019internationaux) mais \u00e9galement celle de notre \u00e9quipe que nous avions convi\u00e9 \u00e0 nous rejoindre sur le stand pour partager cette belle exp\u00e9rience.<\/p>\n<div class=\"socialpost\"><a class=\"synved-social-button synved-social-button-share synved-social-size-24 synved-social-resolution-single synved-social-provider-facebook nolightbox\" data-provider=\"facebook\" target=\"_blank\" rel=\"nofollow\" title=\"Share on Facebook\" href=\"https:\/\/www.facebook.com\/sharer.php?u=https%3A%2F%2Fkcrtechnology.es%2Ffr%2Fwp-json%2Fwp%2Fv2%2Fposts%2F501%2F&#038;t=KCR%20et%20son%20premier%20salon%20du%20packaging%20%E2%80%93%20Hispack%202015&#038;s=100&#038;p&#091;url&#093;=https%3A%2F%2Fkcrtechnology.es%2Ffr%2Fwp-json%2Fwp%2Fv2%2Fposts%2F501%2F&#038;p&#091;images&#093;&#091;0&#093;=&#038;p&#091;title&#093;=KCR%20et%20son%20premier%20salon%20du%20packaging%20%E2%80%93%20Hispack%202015\" style=\"font-size: 0px;width:24px;height:24px;margin:0;margin-bottom:10px;margin-right:10px\"><img alt=\"Facebook\" title=\"Share on Facebook\" class=\"synved-share-image synved-social-image synved-social-image-share\" width=\"24\" height=\"24\" style=\"display: inline;width:24px;height:24px;margin: 0;padding: 0;border: none;box-shadow: none\" src=\"https:\/\/kcrtechnology.es\/kcr\/wp-content\/plugins\/social-media-feather\/synved-social\/image\/social\/regular\/48x48\/facebook.png\" \/><\/a><a class=\"synved-social-button synved-social-button-share synved-social-size-24 synved-social-resolution-single synved-social-provider-twitter nolightbox\" data-provider=\"twitter\" target=\"_blank\" rel=\"nofollow\" title=\"Share on Twitter\" href=\"https:\/\/twitter.com\/intent\/tweet?url=https%3A%2F%2Fkcrtechnology.es%2Ffr%2Fwp-json%2Fwp%2Fv2%2Fposts%2F501%2F&#038;text=Hey%20check%20this%20out\" style=\"font-size: 0px;width:24px;height:24px;margin:0;margin-bottom:10px\"><img alt=\"twitter\" title=\"Share on Twitter\" class=\"synved-share-image synved-social-image synved-social-image-share\" width=\"24\" height=\"24\" style=\"display: inline;width:24px;height:24px;margin: 0;padding: 0;border: none;box-shadow: none\" src=\"https:\/\/kcrtechnology.es\/kcr\/wp-content\/plugins\/social-media-feather\/synved-social\/image\/social\/regular\/48x48\/twitter.png\" \/><\/a><\/div><div style=\"margin-top:32px;float:left;padding-left:10px;\">\u00a1Comp\u00e1rtelo!<\/div>","protected":false},"excerpt":{"rendered":"<p>Du 21 au 24 avril 2015 s\u2019est tenu \u00e0 Barcelone le salon international Hispack, la r\u00e9f\u00e9rence du secteur packaging. Un grand rassemblement o\u00f9 se sont rencontr\u00e9s les responsables intervenant dans [&hellip;]<\/p>\n","protected":false},"author":1,"featured_media":0,"comment_status":"open","ping_status":"open","sticky":false,"template":"","format":"standard","meta":{"footnotes":""},"categories":[11],"tags":[],"_links":{"self":[{"href":"https:\/\/kcrtechnology.es\/fr\/wp-json\/wp\/v2\/posts\/501"}],"collection":[{"href":"https:\/\/kcrtechnology.es\/fr\/wp-json\/wp\/v2\/posts"}],"about":[{"href":"https:\/\/kcrtechnology.es\/fr\/wp-json\/wp\/v2\/types\/post"}],"author":[{"embeddable":true,"href":"https:\/\/kcrtechnology.es\/fr\/wp-json\/wp\/v2\/users\/1"}],"replies":[{"embeddable":true,"href":"https:\/\/kcrtechnology.es\/fr\/wp-json\/wp\/v2\/comments?post=501"}],"version-history":[{"count":1,"href":"https:\/\/kcrtechnology.es\/fr\/wp-json\/wp\/v2\/posts\/501\/revisions"}],"predecessor-version":[{"id":502,"href":"https:\/\/kcrtechnology.es\/fr\/wp-json\/wp\/v2\/posts\/501\/revisions\/502"}],"wp:attachment":[{"href":"https:\/\/kcrtechnology.es\/fr\/wp-json\/wp\/v2\/media?parent=501"}],"wp:term":[{"taxonomy":"category","embeddable":true,"href":"https:\/\/kcrtechnology.es\/fr\/wp-json\/wp\/v2\/categories?post=501"},{"taxonomy":"post_tag","embeddable":true,"href":"https:\/\/kcrtechnology.es\/fr\/wp-json\/wp\/v2\/tags?post=501"}],"curies":[{"name":"wp","href":"https:\/\/api.w.org\/{rel}","templated":true}]}}